{"id":1578,"date":"2021-12-17T11:48:15","date_gmt":"2021-12-17T11:48:15","guid":{"rendered":"https:\/\/www.salze.cat\/?p=1578"},"modified":"2024-07-12T10:28:17","modified_gmt":"2024-07-12T10:28:17","slug":"bertolucciada","status":"publish","type":"post","link":"https:\/\/www.salze.cat\/en\/2021\/12\/17\/bertolucciada\/","title":{"rendered":"S\u2019haur\u00e0 tot acabat encara una vegada"},"content":{"rendered":"<div id=\"fws_69f5da30d8fac\"  data-column-margin=\"default\" data-midnight=\"dark\"  class=\"wpb_row vc_row-fluid vc_row\"  style=\"padding-top: 0px; padding-bottom: 0px; \"><div class=\"row-bg-wrap\" data-bg-animation=\"none\" data-bg-animation-delay=\"\" data-bg-overlay=\"false\"><div class=\"inner-wrap row-bg-layer\" ><div class=\"row-bg viewport-desktop\"  style=\"\"><\/div><\/div><\/div><div class=\"row_col_wrap_12 col span_12 dark left\">\n\t<div  class=\"vc_col-sm-12 wpb_column column_container vc_column_container col no-extra-padding inherit_tablet inherit_phone\"  data-padding-pos=\"all\" data-has-bg-color=\"false\" data-bg-color=\"\" data-bg-opacity=\"1\" data-animation=\"\" data-delay=\"0\" >\n\t\t<div class=\"vc_column-inner\" >\n\t\t\t<div class=\"wpb_wrapper\">\n\t\t\t\t<div id=\"fws_69f5da30d9700\" data-midnight=\"\" data-column-margin=\"default\" class=\"wpb_row vc_row-fluid vc_row inner_row\"  style=\"padding-top: 25px; \"><div class=\"row-bg-wrap\"> <div class=\"row-bg\" ><\/div> <\/div><div class=\"row_col_wrap_12_inner col span_12  center\">\n\t<div  class=\"vc_col-sm-12 wpb_column column_container vc_column_container col child_column no-extra-padding inherit_tablet inherit_phone\"   data-padding-pos=\"all\" data-has-bg-color=\"false\" data-bg-color=\"\" data-bg-opacity=\"1\" data-animation=\"\" data-delay=\"0\" >\n\t\t<div class=\"vc_column-inner\" >\n\t\t<div class=\"wpb_wrapper\">\n\t\t\t\n<div class=\"wpb_text_column wpb_content_element  wpb_animate_when_almost_visible wpb_bounceInLeft bounceInLeft vc_custom_1641330246270\" >\n\t<h4>Salze Editorial celebra la Bertolucc\u00edada a la llibreria ONA<\/h4>\n<\/div>\n\n\n\n<div class=\"divider-wrap\" data-alignment=\"default\"><div style=\"margin-top: 0.5px; height: 1px; margin-bottom: 0.5px;\" data-width=\"100%\" data-animate=\"yes\" data-animation-delay=\"\" data-color=\"default\" class=\"divider-border\"><\/div><\/div>\n\t\t<\/div> \n\t<\/div>\n\t<\/div> \n<\/div><\/div><div id=\"fws_69f5da30d9f37\" data-midnight=\"\" data-column-margin=\"default\" class=\"wpb_row vc_row-fluid vc_row inner_row\"  style=\"padding-top: 18px; \"><div class=\"row-bg-wrap\"> <div class=\"row-bg\" ><\/div> <\/div><div class=\"row_col_wrap_12_inner col span_12  left\">\n\t<div  class=\"vc_col-sm-12 wpb_column column_container vc_column_container col child_column no-extra-padding inherit_tablet inherit_phone\"   data-padding-pos=\"all\" data-has-bg-color=\"false\" data-bg-color=\"\" data-bg-opacity=\"1\" data-animation=\"\" data-delay=\"0\" >\n\t\t<div class=\"vc_column-inner\" >\n\t\t<div class=\"wpb_wrapper\">\n\t\t\t\n<div class=\"wpb_text_column wpb_content_element\" >\n\t<p>L\u2019espl\u00e8ndida sala d\u2019actes de la llibreria ONA de Pau Claris, a Barcelona, va acollir ahir, sota el t\u00edtol BERTOLUCC\u00cdADA i el lema \u00abS\u2019haur\u00e0 tot acabat encara una vegada\u00bb, la presentaci\u00f3 de l\u2019obra <a href=\"https:\/\/www.salze.cat\/producte\/portam-amb-tu-attilio-bertolucci\/\">Porta\u2019m amb tu<\/a>, l\u2019antologia de poemes de l\u2019itali\u00e0 Attilio Bertolucci publicada aquest any per Salze Editorial, amb traducci\u00f3 de Marta Vilardaga i Josep Porcar. El doctor en cl\u00e0ssiques i traductor Eloi Creus va donar una visi\u00f3 completa de l\u2019obra i, despr\u00e9s, va materialitzar-se la principal aspiraci\u00f3 de la trobada, poder escoltar com sonen en catal\u00e0 els poemes de Bertolucci en la veu d\u2019alguns dels nostres poetes:\u00a0N\u00faria Armengol, Elies Barber\u00e0, Lucas Gonzalvo, Vicen\u00e7 Llorca, Marcel Riera, C\u00e8lia S\u00e0nchez-M\u00fastich, Jordi Sol\u00e0 Coll, Jaume Subirana. La vetllada va cloure\u2019s amb l\u2019actuaci\u00f3 musical del t\u00e0ndem <a href=\"https:\/\/twitter.com\/afers_d\">Afers Dom\u00e8stics<\/a>, que interpret\u00e0, en biling\u00fce, el primer poema del recull, Vento, pe\u00e7a primerenca d\u2019un Bertolucci preco\u00e7, escrita als 15 anys. A tots ells els donem el nostre m\u00e9s sincer agra\u00efment. Us deixem aqu\u00ed el <a href=\"https:\/\/youtu.be\/k8iCrr8HMDk?t=24\">v\u00eddeo<\/a> de l\u2019acte que va ser em\u00e8s en directe, cortesia de la llibreria ONA, a la qual estem tamb\u00e9 molt agra\u00efts per l\u2019acollida i les facilitats proporcionades a Salze.<\/p>\n<\/div>\n\n\n\n\n\t\t<\/div> \n\t<\/div>\n\t<\/div> \n<\/div><\/div><div id=\"fws_69f5da30da516\" data-midnight=\"\" data-column-margin=\"default\" class=\"wpb_row vc_row-fluid vc_row inner_row\"  style=\"padding-top: 15px; \"><div class=\"row-bg-wrap\"> <div class=\"row-bg\" ><\/div> <\/div><div class=\"row_col_wrap_12_inner col span_12  left\">\n\t<div  class=\"vc_col-sm-12 wpb_column column_container vc_column_container col child_column no-extra-padding inherit_tablet inherit_phone\"   data-padding-pos=\"all\" data-has-bg-color=\"false\" data-bg-color=\"\" data-bg-opacity=\"1\" data-animation=\"\" data-delay=\"0\" >\n\t\t<div class=\"vc_column-inner\" >\n\t\t<div class=\"wpb_wrapper\">\n\t\t\t\n\t<div class=\"wpb_video_widget wpb_content_element vc_clearfix   vc_video-aspect-ratio-169 vc_video-el-width-100 vc_video-align-center\" >\n\t\t<div class=\"wpb_wrapper\">\n\t\t\t\n\t\t\t<div class=\"wpb_video_wrapper\"><iframe loading=\"lazy\" title=\"Attilio Bertolucci presenta  &quot;Porta\u00b4m amb tu&quot;.\" width=\"500\" height=\"281\" src=\"https:\/\/www.youtube.com\/embed\/k8iCrr8HMDk?feature=oembed\" frameborder=\"0\" allow=\"accelerometer; autoplay; clipboard-write; encrypted-media; gyroscope; picture-in-picture; web-share\" referrerpolicy=\"strict-origin-when-cross-origin\" allowfullscreen><\/iframe><\/div>\n\t\t<\/div>\n\t<\/div>\n\n\t\t<\/div> \n\t<\/div>\n\t<\/div> \n<\/div><\/div>\n\t\t\t<\/div> \n\t\t<\/div>\n\t<\/div> \n<\/div><\/div>","protected":false},"excerpt":{"rendered":"<p>L\u2019espl\u00e8ndida sala d\u2019actes de la llibreria ONA de Pau Claris, a Barcelona, va acollir ahir, sota el t\u00edtol BERTOLUCC\u00cdADA i el lema \u00abS\u2019haur\u00e0 tot acabat encara una vegada\u00bb, la presentaci\u00f3 de l\u2019obra Porta\u2019m amb tu, l\u2019antologia de poemes de l\u2019itali\u00e0 Attilio Bertolucci publicada aquest any per Salze Editorial.<\/p>","protected":false},"author":1,"featured_media":1583,"comment_status":"closed","ping_status":"closed","sticky":false,"template":"","format":"standard","meta":{"_jetpack_memberships_contains_paid_content":false,"_joinchat":[],"footnotes":""},"categories":[144,4],"tags":[64,113,110,111,114,112,38,108],"class_list":{"0":"post-1578","1":"post","2":"type-post","3":"status-publish","4":"format-standard","5":"has-post-thumbnail","7":"category-bertolucci","8":"category-novetats","9":"tag-bertolucci","10":"tag-bertolucciada","11":"tag-eloi-creus","12":"tag-josep-porcar","13":"tag-llibreria-ona","14":"tag-marta-vilardaga","15":"tag-poesia","16":"tag-presentacio"},"yoast_head":"<!-- This site is optimized with the Yoast SEO plugin v27.5 - https:\/\/yoast.com\/product\/yoast-seo-wordpress\/ -->\n<title>S\u2019haur\u00e0 tot acabat encara una vegada : Salze Editorial<\/title>\n<meta name=\"description\" content=\"L\u2019espl\u00e8ndida sala d\u2019actes de la llibreria ONA de Pau Claris, a Barcelona, va acollir ahir, sota el t\u00edtol BERTOLUCC\u00cdADA i el lema \u00abS\u2019haur\u00e0 tot acabat encara una vegada\u00bb, la presentaci\u00f3 de l\u2019obra Porta\u2019m amb tu, l\u2019antologia de poemes de l\u2019itali\u00e0 Attilio Bertolucci publicada aquest any per Salze Editorial.\" \/>\n<meta name=\"robots\" content=\"noindex, follow\" \/>\n<meta property=\"og:locale\" content=\"en_GB\" \/>\n<meta property=\"og:type\" content=\"article\" \/>\n<meta property=\"og:title\" content=\"S\u2019haur\u00e0 tot acabat encara una vegada\" \/>\n<meta property=\"og:description\" content=\"L\u2019espl\u00e8ndida sala d\u2019actes de la llibreria ONA de Pau Claris, a Barcelona, va acollir ahir, sota el t\u00edtol BERTOLUCC\u00cdADA i el lema \u00abS\u2019haur\u00e0 tot acabat encara una vegada\u00bb, la presentaci\u00f3 de l\u2019obra Porta\u2019m amb tu, l\u2019antologia de poemes de l\u2019itali\u00e0 Attilio Bertolucci publicada aquest any per Salze Editorial.\" \/>\n<meta property=\"og:url\" content=\"https:\/\/www.salze.cat\/en\/2021\/12\/17\/bertolucciada\/\" \/>\n<meta property=\"og:site_name\" content=\"Salze Editorial\" \/>\n<meta property=\"article:publisher\" content=\"https:\/\/www.facebook.com\/salzeeditorial\" \/>\n<meta property=\"article:published_time\" content=\"2021-12-17T11:48:15+00:00\" \/>\n<meta property=\"article:modified_time\" content=\"2024-07-12T10:28:17+00:00\" \/>\n<meta property=\"og:image\" content=\"https:\/\/www.salze.cat\/wp-content\/uploads\/2021\/12\/llibreriaONA_16_XII_2021-scaled.jpg\" \/>\n\t<meta property=\"og:image:width\" content=\"2560\" \/>\n\t<meta property=\"og:image:height\" content=\"1470\" \/>\n\t<meta property=\"og:image:type\" content=\"image\/jpeg\" \/>\n<meta name=\"author\" content=\"Salze\" \/>\n<meta name=\"twitter:card\" content=\"summary_large_image\" \/>\n<meta name=\"twitter:title\" content=\"S\u2019haur\u00e0 tot acabat encara una vegada\" \/>\n<meta name=\"twitter:description\" content=\"L\u2019espl\u00e8ndida sala d\u2019actes de la llibreria ONA de Pau Claris, a Barcelona, va acollir ahir, sota el t\u00edtol BERTOLUCC\u00cdADA i el lema \u00abS\u2019haur\u00e0 tot acabat encara una vegada\u00bb, la presentaci\u00f3 de l\u2019obra Porta\u2019m amb tu, l\u2019antologia de poemes de l\u2019itali\u00e0 Attilio Bertolucci publicada aquest any per Salze Editorial.\" \/>\n<meta name=\"twitter:image\" content=\"https:\/\/www.salze.cat\/wp-content\/uploads\/2021\/12\/llibreriaONA_16_XII_2021-scaled.jpg\" \/>\n<meta name=\"twitter:creator\" content=\"@SalzeEditorial\" \/>\n<meta name=\"twitter:site\" content=\"@SalzeEditorial\" \/>\n<meta name=\"twitter:label1\" content=\"Written by\" \/>\n\t<meta name=\"twitter:data1\" content=\"Salze\" \/>\n<script type=\"application\/ld+json\" class=\"yoast-schema-graph\">{\"@context\":\"https:\\\/\\\/schema.org\",\"@graph\":[{\"@type\":\"Article\",\"@id\":\"https:\\\/\\\/www.salze.cat\\\/2021\\\/12\\\/17\\\/bertolucciada\\\/#article\",\"isPartOf\":{\"@id\":\"https:\\\/\\\/www.salze.cat\\\/2021\\\/12\\\/17\\\/bertolucciada\\\/\"},\"author\":{\"name\":\"Salze\",\"@id\":\"https:\\\/\\\/www.salze.cat\\\/#\\\/schema\\\/person\\\/9b089748344420980d960b575c427b23\"},\"headline\":\"S\u2019haur\u00e0 tot acabat encara una vegada\",\"datePublished\":\"2021-12-17T11:48:15+00:00\",\"dateModified\":\"2024-07-12T10:28:17+00:00\",\"mainEntityOfPage\":{\"@id\":\"https:\\\/\\\/www.salze.cat\\\/2021\\\/12\\\/17\\\/bertolucciada\\\/\"},\"wordCount\":781,\"publisher\":{\"@id\":\"https:\\\/\\\/www.salze.cat\\\/#organization\"},\"image\":{\"@id\":\"https:\\\/\\\/www.salze.cat\\\/2021\\\/12\\\/17\\\/bertolucciada\\\/#primaryimage\"},\"thumbnailUrl\":\"https:\\\/\\\/www.salze.cat\\\/wp-content\\\/uploads\\\/2021\\\/12\\\/BERTOLUCCIADA_SALZE-scaled.jpg\",\"keywords\":[\"Bertolucci\",\"Bertolucc\u00edada\",\"Eloi Creus\",\"Josep Porcar\",\"Llibreria ONA\",\"Marta Vilardaga\",\"poesia\",\"presentaci\u00f3\"],\"articleSection\":[\"Bertolucci\",\"Novetats\"],\"inLanguage\":\"en-GB\"},{\"@type\":\"WebPage\",\"@id\":\"https:\\\/\\\/www.salze.cat\\\/2021\\\/12\\\/17\\\/bertolucciada\\\/\",\"url\":\"https:\\\/\\\/www.salze.cat\\\/2021\\\/12\\\/17\\\/bertolucciada\\\/\",\"name\":\"S\u2019haur\u00e0 tot acabat encara una vegada : Salze Editorial\",\"isPartOf\":{\"@id\":\"https:\\\/\\\/www.salze.cat\\\/#website\"},\"primaryImageOfPage\":{\"@id\":\"https:\\\/\\\/www.salze.cat\\\/2021\\\/12\\\/17\\\/bertolucciada\\\/#primaryimage\"},\"image\":{\"@id\":\"https:\\\/\\\/www.salze.cat\\\/2021\\\/12\\\/17\\\/bertolucciada\\\/#primaryimage\"},\"thumbnailUrl\":\"https:\\\/\\\/www.salze.cat\\\/wp-content\\\/uploads\\\/2021\\\/12\\\/BERTOLUCCIADA_SALZE-scaled.jpg\",\"datePublished\":\"2021-12-17T11:48:15+00:00\",\"dateModified\":\"2024-07-12T10:28:17+00:00\",\"description\":\"L\u2019espl\u00e8ndida sala d\u2019actes de la llibreria ONA de Pau Claris, a Barcelona, va acollir ahir, sota el t\u00edtol BERTOLUCC\u00cdADA i el lema \u00abS\u2019haur\u00e0 tot acabat encara una vegada\u00bb, la presentaci\u00f3 de l\u2019obra Porta\u2019m amb tu, l\u2019antologia de poemes de l\u2019itali\u00e0 Attilio Bertolucci publicada aquest any per Salze Editorial.\",\"breadcrumb\":{\"@id\":\"https:\\\/\\\/www.salze.cat\\\/2021\\\/12\\\/17\\\/bertolucciada\\\/#breadcrumb\"},\"inLanguage\":\"en-GB\",\"potentialAction\":[{\"@type\":\"ReadAction\",\"target\":[\"https:\\\/\\\/www.salze.cat\\\/2021\\\/12\\\/17\\\/bertolucciada\\\/\"]}]},{\"@type\":\"ImageObject\",\"inLanguage\":\"en-GB\",\"@id\":\"https:\\\/\\\/www.salze.cat\\\/2021\\\/12\\\/17\\\/bertolucciada\\\/#primaryimage\",\"url\":\"https:\\\/\\\/www.salze.cat\\\/wp-content\\\/uploads\\\/2021\\\/12\\\/BERTOLUCCIADA_SALZE-scaled.jpg\",\"contentUrl\":\"https:\\\/\\\/www.salze.cat\\\/wp-content\\\/uploads\\\/2021\\\/12\\\/BERTOLUCCIADA_SALZE-scaled.jpg\",\"width\":2560,\"height\":2560},{\"@type\":\"BreadcrumbList\",\"@id\":\"https:\\\/\\\/www.salze.cat\\\/2021\\\/12\\\/17\\\/bertolucciada\\\/#breadcrumb\",\"itemListElement\":[{\"@type\":\"ListItem\",\"position\":1,\"name\":\"Inici\",\"item\":\"https:\\\/\\\/www.salze.cat\\\/\"},{\"@type\":\"ListItem\",\"position\":2,\"name\":\"S\u2019haur\u00e0 tot acabat encara una vegada\"}]},{\"@type\":\"WebSite\",\"@id\":\"https:\\\/\\\/www.salze.cat\\\/#website\",\"url\":\"https:\\\/\\\/www.salze.cat\\\/\",\"name\":\"Salze Editorial\",\"description\":\"Segell de traducci\u00f3 de poesia al catal\u00e0\",\"publisher\":{\"@id\":\"https:\\\/\\\/www.salze.cat\\\/#organization\"},\"potentialAction\":[{\"@type\":\"SearchAction\",\"target\":{\"@type\":\"EntryPoint\",\"urlTemplate\":\"https:\\\/\\\/www.salze.cat\\\/?s={search_term_string}\"},\"query-input\":{\"@type\":\"PropertyValueSpecification\",\"valueRequired\":true,\"valueName\":\"search_term_string\"}}],\"inLanguage\":\"en-GB\"},{\"@type\":\"Organization\",\"@id\":\"https:\\\/\\\/www.salze.cat\\\/#organization\",\"name\":\"Salze Editorial\",\"url\":\"https:\\\/\\\/www.salze.cat\\\/\",\"logo\":{\"@type\":\"ImageObject\",\"inLanguage\":\"en-GB\",\"@id\":\"https:\\\/\\\/www.salze.cat\\\/#\\\/schema\\\/logo\\\/image\\\/\",\"url\":\"https:\\\/\\\/www.salze.cat\\\/wp-content\\\/uploads\\\/2021\\\/05\\\/Salze-Logo.png\",\"contentUrl\":\"https:\\\/\\\/www.salze.cat\\\/wp-content\\\/uploads\\\/2021\\\/05\\\/Salze-Logo.png\",\"width\":1600,\"height\":1600,\"caption\":\"Salze Editorial\"},\"image\":{\"@id\":\"https:\\\/\\\/www.salze.cat\\\/#\\\/schema\\\/logo\\\/image\\\/\"},\"sameAs\":[\"https:\\\/\\\/www.facebook.com\\\/salzeeditorial\",\"https:\\\/\\\/x.com\\\/SalzeEditorial\",\"https:\\\/\\\/www.instagram.com\\\/salzeeditorial\\\/\"]},{\"@type\":\"Person\",\"@id\":\"https:\\\/\\\/www.salze.cat\\\/#\\\/schema\\\/person\\\/9b089748344420980d960b575c427b23\",\"name\":\"Salze\",\"image\":{\"@type\":\"ImageObject\",\"inLanguage\":\"en-GB\",\"@id\":\"https:\\\/\\\/secure.gravatar.com\\\/avatar\\\/174eec0dbd0a1dbce288cb427e26a14e108bbe3a5e56f6e0bd6e6a2501de1a3c?s=96&d=mm&r=g\",\"url\":\"https:\\\/\\\/secure.gravatar.com\\\/avatar\\\/174eec0dbd0a1dbce288cb427e26a14e108bbe3a5e56f6e0bd6e6a2501de1a3c?s=96&d=mm&r=g\",\"contentUrl\":\"https:\\\/\\\/secure.gravatar.com\\\/avatar\\\/174eec0dbd0a1dbce288cb427e26a14e108bbe3a5e56f6e0bd6e6a2501de1a3c?s=96&d=mm&r=g\",\"caption\":\"Salze\"},\"sameAs\":[\"https:\\\/\\\/www.salze.cat\"]}]}<\/script>\n<!-- \/ Yoast SEO plugin. -->","yoast_head_json":{"title":"S\u2019haur\u00e0 tot acabat encara una vegada : Salze Editorial","description":"L\u2019espl\u00e8ndida sala d\u2019actes de la llibreria ONA de Pau Claris, a Barcelona, va acollir ahir, sota el t\u00edtol BERTOLUCC\u00cdADA i el lema \u00abS\u2019haur\u00e0 tot acabat encara una vegada\u00bb, la presentaci\u00f3 de l\u2019obra Porta\u2019m amb tu, l\u2019antologia de poemes de l\u2019itali\u00e0 Attilio Bertolucci publicada aquest any per Salze Editorial.","robots":{"index":"noindex","follow":"follow"},"og_locale":"en_GB","og_type":"article","og_title":"S\u2019haur\u00e0 tot acabat encara una vegada","og_description":"L\u2019espl\u00e8ndida sala d\u2019actes de la llibreria ONA de Pau Claris, a Barcelona, va acollir ahir, sota el t\u00edtol BERTOLUCC\u00cdADA i el lema \u00abS\u2019haur\u00e0 tot acabat encara una vegada\u00bb, la presentaci\u00f3 de l\u2019obra Porta\u2019m amb tu, l\u2019antologia de poemes de l\u2019itali\u00e0 Attilio Bertolucci publicada aquest any per Salze Editorial.","og_url":"https:\/\/www.salze.cat\/en\/2021\/12\/17\/bertolucciada\/","og_site_name":"Salze Editorial","article_publisher":"https:\/\/www.facebook.com\/salzeeditorial","article_published_time":"2021-12-17T11:48:15+00:00","article_modified_time":"2024-07-12T10:28:17+00:00","og_image":[{"width":2560,"height":1470,"url":"https:\/\/www.salze.cat\/wp-content\/uploads\/2021\/12\/llibreriaONA_16_XII_2021-scaled.jpg","type":"image\/jpeg"}],"author":"Salze","twitter_card":"summary_large_image","twitter_title":"S\u2019haur\u00e0 tot acabat encara una vegada","twitter_description":"L\u2019espl\u00e8ndida sala d\u2019actes de la llibreria ONA de Pau Claris, a Barcelona, va acollir ahir, sota el t\u00edtol BERTOLUCC\u00cdADA i el lema \u00abS\u2019haur\u00e0 tot acabat encara una vegada\u00bb, la presentaci\u00f3 de l\u2019obra Porta\u2019m amb tu, l\u2019antologia de poemes de l\u2019itali\u00e0 Attilio Bertolucci publicada aquest any per Salze Editorial.","twitter_image":"https:\/\/www.salze.cat\/wp-content\/uploads\/2021\/12\/llibreriaONA_16_XII_2021-scaled.jpg","twitter_creator":"@SalzeEditorial","twitter_site":"@SalzeEditorial","twitter_misc":{"Written by":"Salze"},"schema":{"@context":"https:\/\/schema.org","@graph":[{"@type":"Article","@id":"https:\/\/www.salze.cat\/2021\/12\/17\/bertolucciada\/#article","isPartOf":{"@id":"https:\/\/www.salze.cat\/2021\/12\/17\/bertolucciada\/"},"author":{"name":"Salze","@id":"https:\/\/www.salze.cat\/#\/schema\/person\/9b089748344420980d960b575c427b23"},"headline":"S\u2019haur\u00e0 tot acabat encara una vegada","datePublished":"2021-12-17T11:48:15+00:00","dateModified":"2024-07-12T10:28:17+00:00","mainEntityOfPage":{"@id":"https:\/\/www.salze.cat\/2021\/12\/17\/bertolucciada\/"},"wordCount":781,"publisher":{"@id":"https:\/\/www.salze.cat\/#organization"},"image":{"@id":"https:\/\/www.salze.cat\/2021\/12\/17\/bertolucciada\/#primaryimage"},"thumbnailUrl":"https:\/\/www.salze.cat\/wp-content\/uploads\/2021\/12\/BERTOLUCCIADA_SALZE-scaled.jpg","keywords":["Bertolucci","Bertolucc\u00edada","Eloi Creus","Josep Porcar","Llibreria ONA","Marta Vilardaga","poesia","presentaci\u00f3"],"articleSection":["Bertolucci","Novetats"],"inLanguage":"en-GB"},{"@type":"WebPage","@id":"https:\/\/www.salze.cat\/2021\/12\/17\/bertolucciada\/","url":"https:\/\/www.salze.cat\/2021\/12\/17\/bertolucciada\/","name":"S\u2019haur\u00e0 tot acabat encara una vegada : Salze Editorial","isPartOf":{"@id":"https:\/\/www.salze.cat\/#website"},"primaryImageOfPage":{"@id":"https:\/\/www.salze.cat\/2021\/12\/17\/bertolucciada\/#primaryimage"},"image":{"@id":"https:\/\/www.salze.cat\/2021\/12\/17\/bertolucciada\/#primaryimage"},"thumbnailUrl":"https:\/\/www.salze.cat\/wp-content\/uploads\/2021\/12\/BERTOLUCCIADA_SALZE-scaled.jpg","datePublished":"2021-12-17T11:48:15+00:00","dateModified":"2024-07-12T10:28:17+00:00","description":"L\u2019espl\u00e8ndida sala d\u2019actes de la llibreria ONA de Pau Claris, a Barcelona, va acollir ahir, sota el t\u00edtol BERTOLUCC\u00cdADA i el lema \u00abS\u2019haur\u00e0 tot acabat encara una vegada\u00bb, la presentaci\u00f3 de l\u2019obra Porta\u2019m amb tu, l\u2019antologia de poemes de l\u2019itali\u00e0 Attilio Bertolucci publicada aquest any per Salze Editorial.","breadcrumb":{"@id":"https:\/\/www.salze.cat\/2021\/12\/17\/bertolucciada\/#breadcrumb"},"inLanguage":"en-GB","potentialAction":[{"@type":"ReadAction","target":["https:\/\/www.salze.cat\/2021\/12\/17\/bertolucciada\/"]}]},{"@type":"ImageObject","inLanguage":"en-GB","@id":"https:\/\/www.salze.cat\/2021\/12\/17\/bertolucciada\/#primaryimage","url":"https:\/\/www.salze.cat\/wp-content\/uploads\/2021\/12\/BERTOLUCCIADA_SALZE-scaled.jpg","contentUrl":"https:\/\/www.salze.cat\/wp-content\/uploads\/2021\/12\/BERTOLUCCIADA_SALZE-scaled.jpg","width":2560,"height":2560},{"@type":"BreadcrumbList","@id":"https:\/\/www.salze.cat\/2021\/12\/17\/bertolucciada\/#breadcrumb","itemListElement":[{"@type":"ListItem","position":1,"name":"Inici","item":"https:\/\/www.salze.cat\/"},{"@type":"ListItem","position":2,"name":"S\u2019haur\u00e0 tot acabat encara una vegada"}]},{"@type":"WebSite","@id":"https:\/\/www.salze.cat\/#website","url":"https:\/\/www.salze.cat\/","name":"Salze Editorial","description":"Segell de traducci\u00f3 de poesia al catal\u00e0","publisher":{"@id":"https:\/\/www.salze.cat\/#organization"},"potentialAction":[{"@type":"SearchAction","target":{"@type":"EntryPoint","urlTemplate":"https:\/\/www.salze.cat\/?s={search_term_string}"},"query-input":{"@type":"PropertyValueSpecification","valueRequired":true,"valueName":"search_term_string"}}],"inLanguage":"en-GB"},{"@type":"Organization","@id":"https:\/\/www.salze.cat\/#organization","name":"Salze Editorial","url":"https:\/\/www.salze.cat\/","logo":{"@type":"ImageObject","inLanguage":"en-GB","@id":"https:\/\/www.salze.cat\/#\/schema\/logo\/image\/","url":"https:\/\/www.salze.cat\/wp-content\/uploads\/2021\/05\/Salze-Logo.png","contentUrl":"https:\/\/www.salze.cat\/wp-content\/uploads\/2021\/05\/Salze-Logo.png","width":1600,"height":1600,"caption":"Salze Editorial"},"image":{"@id":"https:\/\/www.salze.cat\/#\/schema\/logo\/image\/"},"sameAs":["https:\/\/www.facebook.com\/salzeeditorial","https:\/\/x.com\/SalzeEditorial","https:\/\/www.instagram.com\/salzeeditorial\/"]},{"@type":"Person","@id":"https:\/\/www.salze.cat\/#\/schema\/person\/9b089748344420980d960b575c427b23","name":"Salze","image":{"@type":"ImageObject","inLanguage":"en-GB","@id":"https:\/\/secure.gravatar.com\/avatar\/174eec0dbd0a1dbce288cb427e26a14e108bbe3a5e56f6e0bd6e6a2501de1a3c?s=96&d=mm&r=g","url":"https:\/\/secure.gravatar.com\/avatar\/174eec0dbd0a1dbce288cb427e26a14e108bbe3a5e56f6e0bd6e6a2501de1a3c?s=96&d=mm&r=g","contentUrl":"https:\/\/secure.gravatar.com\/avatar\/174eec0dbd0a1dbce288cb427e26a14e108bbe3a5e56f6e0bd6e6a2501de1a3c?s=96&d=mm&r=g","caption":"Salze"},"sameAs":["https:\/\/www.salze.cat"]}]}},"jetpack_featured_media_url":"https:\/\/www.salze.cat\/wp-content\/uploads\/2021\/12\/BERTOLUCCIADA_SALZE-scaled.jpg","jetpack_sharing_enabled":true,"_links":{"self":[{"href":"https:\/\/www.salze.cat\/en\/wp-json\/wp\/v2\/posts\/1578","targetHints":{"allow":["GET"]}}],"collection":[{"href":"https:\/\/www.salze.cat\/en\/wp-json\/wp\/v2\/posts"}],"about":[{"href":"https:\/\/www.salze.cat\/en\/wp-json\/wp\/v2\/types\/post"}],"author":[{"embeddable":true,"href":"https:\/\/www.salze.cat\/en\/wp-json\/wp\/v2\/users\/1"}],"replies":[{"embeddable":true,"href":"https:\/\/www.salze.cat\/en\/wp-json\/wp\/v2\/comments?post=1578"}],"version-history":[{"count":0,"href":"https:\/\/www.salze.cat\/en\/wp-json\/wp\/v2\/posts\/1578\/revisions"}],"wp:featuredmedia":[{"embeddable":true,"href":"https:\/\/www.salze.cat\/en\/wp-json\/wp\/v2\/media\/1583"}],"wp:attachment":[{"href":"https:\/\/www.salze.cat\/en\/wp-json\/wp\/v2\/media?parent=1578"}],"wp:term":[{"taxonomy":"category","embeddable":true,"href":"https:\/\/www.salze.cat\/en\/wp-json\/wp\/v2\/categories?post=1578"},{"taxonomy":"post_tag","embeddable":true,"href":"https:\/\/www.salze.cat\/en\/wp-json\/wp\/v2\/tags?post=1578"}],"curies":[{"name":"wp","href":"https:\/\/api.w.org\/{rel}","templated":true}]}}